{"id":1089,"date":"2019-06-03T10:01:02","date_gmt":"2019-06-03T09:01:02","guid":{"rendered":"http:\/\/www.gerber-artists.de\/?p=1089"},"modified":"2024-10-16T12:33:39","modified_gmt":"2024-10-16T12:33:39","slug":"alexandra-conunova-zu-gast-in-nuernberg","status":"publish","type":"post","link":"https:\/\/gerber-artists.de\/en\/alexandra-conunova-zu-gast-in-nuernberg\/","title":{"rendered":"Alexandra Conunova zu Gast in N\u00fcrnberg"},"content":{"rendered":"<p>Mai 2019 &#8211; Gemeinsam mit der Staatsphilharmonie N\u00fcrnberg unter der Leitung von Joana Mallwitz spielte Alexandra Conunova das Violinkonzert d-Moll op. 47 von Jean Sibelius beim 7. Philharmonischen Konzert in der Meistersingerhalle.<\/p>\n<p>Dazu hie\u00df es: Die junge Geigerin Alexandra Conunova ist mit ihrer technisch immer souver\u00e4nen und musikalisch stets intelligenten und spannenden Interpretation im Violinkonzert von Jean Sibelius schlichtweg unangreifbar. Bei der Zugabe, der \u201eSonate d-Moll, op. 27,3\u201c von Eug\u00e8ne Ysa\u00ffe, kommt zur Virtuosit\u00e4t dann noch mehr leuchtende Brillanz und ein atemberaubendes und schattenhaftes sotto voce hinzu. (N\u00fcrnberger Nachrichten, 20.5.2019, Michael Sikora, Jens Voskamp)<\/p>\n<p>Die N\u00fcrnberger Zeitung schrieb zu dem Konzert: Die junge, preisgekr\u00f6nte und zum Karriereh\u00f6henflug ansetzende moldawische Geigerin Alexandra Conunova hatte in Sibelius\u2019 Violinkonzert op.47 ihre Qualit\u00e4ten eindrucksvoll demonstriert: mit hervorragender Technik, farbig-gl\u00fchendem Ton und Sinn f\u00fcr feinste Gestaltungsnuacen meisterte sie die expressiv-virtuosen Anforderungen des Allegros ebenso, wie ihr im Adagio ein innig entr\u00fccktes Selbstgespr\u00e4ch gelang. (20.5.2019, Thomas Heinold) <\/p>\n","protected":false},"excerpt":{"rendered":"<p>Mai 2019 &#8211; Gemeinsam mit der Staatsphilharmonie N\u00fcrnberg unter der Leitung von Joana Mallwitz spielte Alexandra Conunova das Violinkonzert d-Moll op. 47 von Jean Sibelius beim 7. Philharmonischen Konzert in&hellip; <a class=\"excerpt-more-link\" href=\"https:\/\/gerber-artists.de\/en\/alexandra-conunova-zu-gast-in-nuernberg\/\">Read More<\/a><\/p>\n","protected":false},"author":3,"featured_media":824,"comment_status":"closed","ping_status":"closed","sticky":false,"template":"","format":"standard","meta":{"_acf_changed":false,"footnotes":""},"categories":[7,56],"tags":[],"class_list":["post-1089","post","type-post","status-publish","format-standard","has-post-thumbnail","hentry","category-alexandra-conunova","category-news-archiv"],"acf":[],"_links":{"self":[{"href":"https:\/\/gerber-artists.de\/en\/wp-json\/wp\/v2\/posts\/1089","targetHints":{"allow":["GET"]}}],"collection":[{"href":"https:\/\/gerber-artists.de\/en\/wp-json\/wp\/v2\/posts"}],"about":[{"href":"https:\/\/gerber-artists.de\/en\/wp-json\/wp\/v2\/types\/post"}],"author":[{"embeddable":true,"href":"https:\/\/gerber-artists.de\/en\/wp-json\/wp\/v2\/users\/3"}],"replies":[{"embeddable":true,"href":"https:\/\/gerber-artists.de\/en\/wp-json\/wp\/v2\/comments?post=1089"}],"version-history":[{"count":1,"href":"https:\/\/gerber-artists.de\/en\/wp-json\/wp\/v2\/posts\/1089\/revisions"}],"predecessor-version":[{"id":2291,"href":"https:\/\/gerber-artists.de\/en\/wp-json\/wp\/v2\/posts\/1089\/revisions\/2291"}],"wp:featuredmedia":[{"embeddable":true,"href":"https:\/\/gerber-artists.de\/en\/wp-json\/wp\/v2\/media\/824"}],"wp:attachment":[{"href":"https:\/\/gerber-artists.de\/en\/wp-json\/wp\/v2\/media?parent=1089"}],"wp:term":[{"taxonomy":"category","embeddable":true,"href":"https:\/\/gerber-artists.de\/en\/wp-json\/wp\/v2\/categories?post=1089"},{"taxonomy":"post_tag","embeddable":true,"href":"https:\/\/gerber-artists.de\/en\/wp-json\/wp\/v2\/tags?post=1089"}],"curies":[{"name":"wp","href":"https:\/\/api.w.org\/{rel}","templated":true}]}}