{"id":1175,"date":"2019-12-04T09:48:46","date_gmt":"2019-12-04T08:48:46","guid":{"rendered":"http:\/\/www.gerber-artists.de\/?p=1175"},"modified":"2024-10-16T12:33:39","modified_gmt":"2024-10-16T12:33:39","slug":"3-nominierungen-fuer-den-icma-award-2020","status":"publish","type":"post","link":"https:\/\/gerber-artists.de\/en\/3-nominierungen-fuer-den-icma-award-2020\/","title":{"rendered":"3 Nominierungen f\u00fcr den ICMA Award 2020"},"content":{"rendered":"<p>Das Klenke Quartett, Matthias Kirschnereit und Valentin Radutiu sind f\u00fcr Ihre Aufnahmen f\u00fcr den ICMA Award nominiert!<\/p>\n<p>Folgende Aufnahmen sind nominiert:<\/p>\n<p>Mozart: The String Quintets, Klenke Quartett, H. Schoneweg, Accentus Music<\/p>\n<p>Schumann: Piano Concerto + Konzertst\u00fccke op. 86 &amp; 92, M. Kirschnereit, Deutsches Symphonie-Orchester Berlin, J.de Vriend, Berlin Classics<\/p>\n<p>Cello Concertos: Haydn &#8211; H. Casadesus &#8211; Janson, V. Radutiu, W\u00fcrttembergisches Kammerorchester Heilbronn, R. Gazarian, H\u00e4nssler Classic <\/p>\n","protected":false},"excerpt":{"rendered":"<p>Das Klenke Quartett, Matthias Kirschnereit und Valentin Radutiu sind f\u00fcr Ihre Aufnahmen f\u00fcr den ICMA Award nominiert! Folgende Aufnahmen sind nominiert: Mozart: The String Quintets, Klenke Quartett, H. Schoneweg, Accentus&hellip; <a class=\"excerpt-more-link\" href=\"https:\/\/gerber-artists.de\/en\/3-nominierungen-fuer-den-icma-award-2020\/\">Read More<\/a><\/p>\n","protected":false},"author":3,"featured_media":1176,"comment_status":"closed","ping_status":"closed","sticky":false,"template":"","format":"standard","meta":{"_acf_changed":false,"footnotes":""},"categories":[13,16,56,23],"tags":[],"class_list":["post-1175","post","type-post","status-publish","format-standard","has-post-thumbnail","hentry","category-klenke-quartett","category-matthias-kirschnereit","category-news-archiv","category-valentin-radutiu"],"acf":[],"_links":{"self":[{"href":"https:\/\/gerber-artists.de\/en\/wp-json\/wp\/v2\/posts\/1175","targetHints":{"allow":["GET"]}}],"collection":[{"href":"https:\/\/gerber-artists.de\/en\/wp-json\/wp\/v2\/posts"}],"about":[{"href":"https:\/\/gerber-artists.de\/en\/wp-json\/wp\/v2\/types\/post"}],"author":[{"embeddable":true,"href":"https:\/\/gerber-artists.de\/en\/wp-json\/wp\/v2\/users\/3"}],"replies":[{"embeddable":true,"href":"https:\/\/gerber-artists.de\/en\/wp-json\/wp\/v2\/comments?post=1175"}],"version-history":[{"count":1,"href":"https:\/\/gerber-artists.de\/en\/wp-json\/wp\/v2\/posts\/1175\/revisions"}],"predecessor-version":[{"id":2279,"href":"https:\/\/gerber-artists.de\/en\/wp-json\/wp\/v2\/posts\/1175\/revisions\/2279"}],"wp:featuredmedia":[{"embeddable":true,"href":"https:\/\/gerber-artists.de\/en\/wp-json\/wp\/v2\/media\/1176"}],"wp:attachment":[{"href":"https:\/\/gerber-artists.de\/en\/wp-json\/wp\/v2\/media?parent=1175"}],"wp:term":[{"taxonomy":"category","embeddable":true,"href":"https:\/\/gerber-artists.de\/en\/wp-json\/wp\/v2\/categories?post=1175"},{"taxonomy":"post_tag","embeddable":true,"href":"https:\/\/gerber-artists.de\/en\/wp-json\/wp\/v2\/tags?post=1175"}],"curies":[{"name":"wp","href":"https:\/\/api.w.org\/{rel}","templated":true}]}}