{"id":1535,"date":"2022-11-24T16:33:53","date_gmt":"2022-11-24T15:33:53","guid":{"rendered":"http:\/\/www.gerber-artists.de\/?p=1535"},"modified":"2024-10-16T12:35:46","modified_gmt":"2024-10-16T12:35:46","slug":"julian-steckel-neu-im-general-management","status":"publish","type":"post","link":"https:\/\/gerber-artists.de\/en\/julian-steckel-neu-im-general-management\/","title":{"rendered":"Julian Steckel: Neu im General Management"},"content":{"rendered":"<p>November 22 &#8211; Nach einem intensiven Saisonstart und Konzerten in Amsterdam, Mailand, Ljubljana und Den Haag (u.a. mit dem <strong>Dvorak-Konzert im Concertgebouw Amsterdam<\/strong>) freut sich Julian Steckel auf zahlreiche Konzerte in Japan, wo er in Tokyo seine Debuts in der legend\u00e4ren <strong>Suntory-Hall <\/strong>und der <strong>Toppan Hall<\/strong> geben wird.<\/p>\n<p>2023 widmet er sich dem extrem anspruchsvollen \u201eAnti-Konzert\u201c von Ligeti zusammen mit der Deutschen Radio Philharmonie.<br \/>\nMit dem Dogma Chamber Orchestra wird er eine neue Version der Rum\u00e4nischen Volkst\u00e4nze von Bartok f\u00fcr Cello und Kammerorchester urauff\u00fchren.<\/p>\n<table width=\"100%\">\n<tbody>\n<tr>\n<td width=\"10\">\u00ad<\/td>\n<td>\n<table width=\"100%\">\n<tbody>\n<tr>\n<td><\/td>\n<\/tr>\n<\/tbody>\n<\/table>\n<\/td>\n<td width=\"10\">\u00ad<\/td>\n<\/tr>\n<\/tbody>\n<\/table>\n","protected":false},"excerpt":{"rendered":"<p>November 22 &#8211; Nach einem intensiven Saisonstart und Konzerten in Amsterdam, Mailand, Ljubljana und Den Haag (u.a. mit dem Dvorak-Konzert im Concertgebouw Amsterdam) freut sich Julian Steckel auf zahlreiche Konzerte&hellip; <a class=\"excerpt-more-link\" href=\"https:\/\/gerber-artists.de\/en\/julian-steckel-neu-im-general-management\/\">Read More<\/a><\/p>\n","protected":false},"author":3,"featured_media":1526,"comment_status":"closed","ping_status":"closed","sticky":false,"template":"","format":"standard","meta":{"_acf_changed":false,"footnotes":""},"categories":[12,56],"tags":[],"class_list":["post-1535","post","type-post","status-publish","format-standard","has-post-thumbnail","hentry","category-julian-steckel","category-news-archiv"],"acf":[],"_links":{"self":[{"href":"https:\/\/gerber-artists.de\/en\/wp-json\/wp\/v2\/posts\/1535","targetHints":{"allow":["GET"]}}],"collection":[{"href":"https:\/\/gerber-artists.de\/en\/wp-json\/wp\/v2\/posts"}],"about":[{"href":"https:\/\/gerber-artists.de\/en\/wp-json\/wp\/v2\/types\/post"}],"author":[{"embeddable":true,"href":"https:\/\/gerber-artists.de\/en\/wp-json\/wp\/v2\/users\/3"}],"replies":[{"embeddable":true,"href":"https:\/\/gerber-artists.de\/en\/wp-json\/wp\/v2\/comments?post=1535"}],"version-history":[{"count":1,"href":"https:\/\/gerber-artists.de\/en\/wp-json\/wp\/v2\/posts\/1535\/revisions"}],"predecessor-version":[{"id":2317,"href":"https:\/\/gerber-artists.de\/en\/wp-json\/wp\/v2\/posts\/1535\/revisions\/2317"}],"wp:featuredmedia":[{"embeddable":true,"href":"https:\/\/gerber-artists.de\/en\/wp-json\/wp\/v2\/media\/1526"}],"wp:attachment":[{"href":"https:\/\/gerber-artists.de\/en\/wp-json\/wp\/v2\/media?parent=1535"}],"wp:term":[{"taxonomy":"category","embeddable":true,"href":"https:\/\/gerber-artists.de\/en\/wp-json\/wp\/v2\/categories?post=1535"},{"taxonomy":"post_tag","embeddable":true,"href":"https:\/\/gerber-artists.de\/en\/wp-json\/wp\/v2\/tags?post=1535"}],"curies":[{"name":"wp","href":"https:\/\/api.w.org\/{rel}","templated":true}]}}