{"id":823,"date":"2018-02-27T18:29:13","date_gmt":"2018-02-27T17:29:13","guid":{"rendered":"http:\/\/www.gerber-artists.de\/?p=823"},"modified":"2024-10-16T12:33:20","modified_gmt":"2024-10-16T12:33:20","slug":"alexandra-conunova-mit-dem-saarlaendischen-staatsorchester","status":"publish","type":"post","link":"https:\/\/gerber-artists.de\/en\/alexandra-conunova-mit-dem-saarlaendischen-staatsorchester\/","title":{"rendered":"Alexandra Conunova mit dem Saarl\u00e4ndischen Staatsorchester"},"content":{"rendered":"<p>Februar 2018 &#8211; Unter dem Dirigenten Nicholas Milton pr\u00e4sentierte Alexandra Conunova in Saarbr\u00fccken Brahms\u00b4 Violinkonzert. Die Saarbr\u00fccker Zeitung (25.02.) urteilte: &#8220;[&#8230;] die Geigerin aus Moldawien erf\u00fcllte die sinfonische Breite saft- und kraftvoll mit Leben.&#8221; <\/p>\n","protected":false},"excerpt":{"rendered":"<p>Februar 2018 &#8211; Unter dem Dirigenten Nicholas Milton pr\u00e4sentierte Alexandra Conunova in Saarbr\u00fccken Brahms\u00b4 Violinkonzert. Die Saarbr\u00fccker Zeitung (25.02.) urteilte: &#8220;[&#8230;] die Geigerin aus Moldawien erf\u00fcllte die sinfonische Breite saft-&hellip; <a class=\"excerpt-more-link\" href=\"https:\/\/gerber-artists.de\/en\/alexandra-conunova-mit-dem-saarlaendischen-staatsorchester\/\">Read More<\/a><\/p>\n","protected":false},"author":3,"featured_media":824,"comment_status":"closed","ping_status":"closed","sticky":false,"template":"","format":"standard","meta":{"_acf_changed":false,"footnotes":""},"categories":[7,56],"tags":[],"class_list":["post-823","post","type-post","status-publish","format-standard","has-post-thumbnail","hentry","category-alexandra-conunova","category-news-archiv"],"acf":[],"_links":{"self":[{"href":"https:\/\/gerber-artists.de\/en\/wp-json\/wp\/v2\/posts\/823","targetHints":{"allow":["GET"]}}],"collection":[{"href":"https:\/\/gerber-artists.de\/en\/wp-json\/wp\/v2\/posts"}],"about":[{"href":"https:\/\/gerber-artists.de\/en\/wp-json\/wp\/v2\/types\/post"}],"author":[{"embeddable":true,"href":"https:\/\/gerber-artists.de\/en\/wp-json\/wp\/v2\/users\/3"}],"replies":[{"embeddable":true,"href":"https:\/\/gerber-artists.de\/en\/wp-json\/wp\/v2\/comments?post=823"}],"version-history":[{"count":1,"href":"https:\/\/gerber-artists.de\/en\/wp-json\/wp\/v2\/posts\/823\/revisions"}],"predecessor-version":[{"id":2274,"href":"https:\/\/gerber-artists.de\/en\/wp-json\/wp\/v2\/posts\/823\/revisions\/2274"}],"wp:featuredmedia":[{"embeddable":true,"href":"https:\/\/gerber-artists.de\/en\/wp-json\/wp\/v2\/media\/824"}],"wp:attachment":[{"href":"https:\/\/gerber-artists.de\/en\/wp-json\/wp\/v2\/media?parent=823"}],"wp:term":[{"taxonomy":"category","embeddable":true,"href":"https:\/\/gerber-artists.de\/en\/wp-json\/wp\/v2\/categories?post=823"},{"taxonomy":"post_tag","embeddable":true,"href":"https:\/\/gerber-artists.de\/en\/wp-json\/wp\/v2\/tags?post=823"}],"curies":[{"name":"wp","href":"https:\/\/api.w.org\/{rel}","templated":true}]}}