{"id":864,"date":"2018-08-09T10:51:32","date_gmt":"2018-08-09T09:51:32","guid":{"rendered":"http:\/\/www.gerber-artists.de\/?p=864"},"modified":"2024-10-16T12:32:51","modified_gmt":"2024-10-16T12:32:51","slug":"beim-mdr-musiksommer-das-trio-lena-neudauer-matthias-kirschnereit-und-julian-steckel","status":"publish","type":"post","link":"https:\/\/gerber-artists.de\/en\/beim-mdr-musiksommer-das-trio-lena-neudauer-matthias-kirschnereit-und-julian-steckel\/","title":{"rendered":"Beim MDR-Musiksommer: Das Trio Lena Neudauer, Matthias Kirschnereit und Julian Steckel"},"content":{"rendered":"<p>August 2018 &#8211; Das Trio um Lena Neudauer, Matthias Kirschnereit und Julian Steckel spielte am 13.07. auf der Wartburg Eisenach im Rahmen des MDR-Musiksommers ein Konzert unter dem Titel &#8220;Czech Connections&#8221; mit folgendem Programm:<\/p>\n<p>A. Dvorak: Sonatine op. 100 f\u00fcr Violine und Klavier<br \/>\nZ. Kod\u00e1ly\u00a0 Duo op. 7 f\u00fcr Violine und Violoncello<br \/>\nL. Jan\u00e1cek\u00a0 Poh\u00e1dka\u00a0 (Ein M\u00e4rchen f\u00fcr Violoncello und Klavier)<br \/>\nB. Smetana\u00a0 Trio f\u00fcr Klavier, Violine und Violoncello g-Moll op. 15<\/p>\n<p>Tags zuvor war das Trio auf Gut Horn in der N\u00e4he von Oldenburg im Rahmen der diesj\u00e4hrigen Gezeitenkonzerte zu h\u00f6ren.<\/p>\n<p>Am Sonntag den 16.09. um 17 Uhr wird das Trio erneut zu h\u00f6ren sein, im <a href=\"https:\/\/kalender.markkleeberg.de\/node\/2945?time=2018-09-16T17%3A00%3A00\">Lindensaal des Rathaus Markleeberg<\/a>.<\/p>\n<p><img loading=\"lazy\" decoding=\"async\" src=\"https:\/\/gerber-artists.de\/wp-content\/uploads\/2018\/08\/36950979_1700537046662679_4735526336641105920_o-300x200.jpg\" alt=\"\" width=\"300\" height=\"200\" class=\"alignnone size-medium wp-image-877\" srcset=\"https:\/\/gerber-artists.de\/wp-content\/uploads\/2018\/08\/36950979_1700537046662679_4735526336641105920_o-300x200.jpg 300w, https:\/\/gerber-artists.de\/wp-content\/uploads\/2018\/08\/36950979_1700537046662679_4735526336641105920_o-1024x683.jpg 1024w, https:\/\/gerber-artists.de\/wp-content\/uploads\/2018\/08\/36950979_1700537046662679_4735526336641105920_o-768x512.jpg 768w, https:\/\/gerber-artists.de\/wp-content\/uploads\/2018\/08\/36950979_1700537046662679_4735526336641105920_o-1536x1024.jpg 1536w, https:\/\/gerber-artists.de\/wp-content\/uploads\/2018\/08\/36950979_1700537046662679_4735526336641105920_o-660x440.jpg 660w, https:\/\/gerber-artists.de\/wp-content\/uploads\/2018\/08\/36950979_1700537046662679_4735526336641105920_o-1000x667.jpg 1000w, https:\/\/gerber-artists.de\/wp-content\/uploads\/2018\/08\/36950979_1700537046662679_4735526336641105920_o-373x248.jpg 373w, https:\/\/gerber-artists.de\/wp-content\/uploads\/2018\/08\/36950979_1700537046662679_4735526336641105920_o.jpg 1944w\" sizes=\"auto, (max-width: 300px) 100vw, 300px\" \/><br \/>\nFoto: Gezeitenkonzerte <\/p>\n","protected":false},"excerpt":{"rendered":"<p>August 2018 &#8211; Das Trio um Lena Neudauer, Matthias Kirschnereit und Julian Steckel spielte am 13.07. auf der Wartburg Eisenach im Rahmen des MDR-Musiksommers ein Konzert unter dem Titel &#8220;Czech&hellip; <a class=\"excerpt-more-link\" href=\"https:\/\/gerber-artists.de\/en\/beim-mdr-musiksommer-das-trio-lena-neudauer-matthias-kirschnereit-und-julian-steckel\/\">Read More<\/a><\/p>\n","protected":false},"author":3,"featured_media":555,"comment_status":"closed","ping_status":"closed","sticky":false,"template":"","format":"standard","meta":{"_acf_changed":false,"footnotes":""},"categories":[15,16,56],"tags":[],"class_list":["post-864","post","type-post","status-publish","format-standard","has-post-thumbnail","hentry","category-neudauer","category-matthias-kirschnereit","category-news-archiv"],"acf":[],"_links":{"self":[{"href":"https:\/\/gerber-artists.de\/en\/wp-json\/wp\/v2\/posts\/864","targetHints":{"allow":["GET"]}}],"collection":[{"href":"https:\/\/gerber-artists.de\/en\/wp-json\/wp\/v2\/posts"}],"about":[{"href":"https:\/\/gerber-artists.de\/en\/wp-json\/wp\/v2\/types\/post"}],"author":[{"embeddable":true,"href":"https:\/\/gerber-artists.de\/en\/wp-json\/wp\/v2\/users\/3"}],"replies":[{"embeddable":true,"href":"https:\/\/gerber-artists.de\/en\/wp-json\/wp\/v2\/comments?post=864"}],"version-history":[{"count":1,"href":"https:\/\/gerber-artists.de\/en\/wp-json\/wp\/v2\/posts\/864\/revisions"}],"predecessor-version":[{"id":2261,"href":"https:\/\/gerber-artists.de\/en\/wp-json\/wp\/v2\/posts\/864\/revisions\/2261"}],"wp:featuredmedia":[{"embeddable":true,"href":"https:\/\/gerber-artists.de\/en\/wp-json\/wp\/v2\/media\/555"}],"wp:attachment":[{"href":"https:\/\/gerber-artists.de\/en\/wp-json\/wp\/v2\/media?parent=864"}],"wp:term":[{"taxonomy":"category","embeddable":true,"href":"https:\/\/gerber-artists.de\/en\/wp-json\/wp\/v2\/categories?post=864"},{"taxonomy":"post_tag","embeddable":true,"href":"https:\/\/gerber-artists.de\/en\/wp-json\/wp\/v2\/tags?post=864"}],"curies":[{"name":"wp","href":"https:\/\/api.w.org\/{rel}","templated":true}]}}